{"id":37073,"date":"2024-01-30T11:31:50","date_gmt":"2024-01-30T11:31:50","guid":{"rendered":"https:\/\/zirkel.dreamhosters.com\/?p=36375"},"modified":"2024-01-30T11:34:34","modified_gmt":"2024-01-30T11:34:34","slug":"huella-de-carbono-de-producto-en-mercados-b2b","status":"publish","type":"post","link":"https:\/\/zirkel.biz\/es\/huella-de-carbono-de-producto-en-mercados-b2b\/","title":{"rendered":"Huella de carbono de producto en mercados B2B"},"content":{"rendered":"\n<p>La creciente presi\u00f3n que reciben las empresas para descarbonizar los procesos productivos y su cadena de valor les obliga a conocer y a controlar con rigor los tres alcances de su huella de carbono. Debido a que en la mayor\u00eda de las empresas el alcance 3 representa valores superiores al 70% del total de la organizaci\u00f3n y de \u00e9ste, entorno al 80% se asocia a la extracci\u00f3n, producci\u00f3n y procesado de las materias adquiridas, resulta clave el disponer de informaci\u00f3n de calidad de la huella de carbono de los materiales comprados.<\/p>\n\n\n\n<blockquote class=\"wp-block-quote is-layout-flow wp-block-quote-is-layout-flow\">\n<p><strong>Para una estrategia de descarbonizaci\u00f3n corporativa, es clave disponer de informaci\u00f3n de calidad de la huella de carbono de los materiales adquiridos<\/strong>. <\/p>\n<\/blockquote>\n\n\n\n<p>La disponibilidad de factores de emisi\u00f3n de las materias primas y de los componentes adquiridos est\u00e1 en la forma de combinaciones datos primarios (datos medidos o recogidos directamente y representativos de las actividades de una instalaci\u00f3n\/proceso o un conjunto de instalaciones\/procesos espec\u00edficos&#8221;) con datos secundarios (datos que no se recogen, miden o estiman directamente, sino que proceden de una base de bases de datos de inventario del ciclo de vida de terceros)<\/p>\n\n\n\n<p>Debido a la todav\u00eda escasa distribuci\u00f3n en el ecosistema empresarial de datos primarios (que deben ser obtenidos directamente por los fabricantes), lo habitual es utilizar exclusivamente datos secundarios como factores de emisi\u00f3n de los materiales adquiridos.<\/p>\n\n\n\n<p>En cuanto a la calidad de la informaci\u00f3n resultante, un factor de emisi\u00f3n de producto (Kg CO2e) obtenido con datos primarios de los procesos de fabricaci\u00f3n, dar\u00e1 una informaci\u00f3n espec\u00edfica y m\u00e1s fiel del potencial de calentamiento global del producto, que un factor de emisi\u00f3n procedente de bases de datos (un dato secundario es un valor promediado, por lo tanto, no espec\u00edfico). <\/p>\n\n\n\n<blockquote class=\"wp-block-quote is-layout-flow wp-block-quote-is-layout-flow\">\n<p><strong>Un factor de emisi\u00f3n obtenido con datos primarios de los procesos de fabricaci\u00f3n dar\u00e1 una informaci\u00f3n espec\u00edfica y m\u00e1s fiel del potencial de calentamiento global del producto<\/strong><\/p>\n<\/blockquote>\n\n\n\n<p>Es importante tener en cuenta la diferencia entre la naturaleza de los datos primarios y la naturaleza de los datos secundarios: cuando un fabricante ha calculado el factor de emisi\u00f3n de su producto a partir de datos directos de producci\u00f3n (datos primarios), est\u00e1 en condiciones de identificar los procesos m\u00e1s contributivos, detectar oportunidades de descarbonizaci\u00f3n e idear medidas de reducci\u00f3n. Una vez implementadas las medidas y reducida la huella de carbono del producto, esta disminuci\u00f3n se trasladar\u00e1 autom\u00e1ticamente a sus clientes, que ver\u00e1n reducido el alcance 3 de su huella de carbono de organizaci\u00f3n.<\/p>\n\n\n\n<h5 class=\"wp-block-heading\">Herramientas para la gesti\u00f3n de la huella de carbono de producto<\/h5>\n\n\n\n<p>Desde Zirkel animamos a nuestros clientes a medir la huella de carbono de sus productos. Dise\u00f1amos herramientas espec\u00edficas para este fin, como calculadoras de huella de producto o estudios espec\u00edficos de medici\u00f3n mediante An\u00e1lisis de Ciclo de Vida (ACV). Para que la comunicaci\u00f3n ambiental sea transparente y cre\u00edble, elaboramos los estudios para la obtenci\u00f3n de etiquetas ambientales, como las Declaraciones Ambientales de Producto (DAP\/EP) y acompa\u00f1amos en la verificaci\u00f3n de los informes de huella de carbono de producto (ISO 14067).<\/p>\n\n\n\n<p><\/p>\n","protected":false},"excerpt":{"rendered":"<p>La creciente presi\u00f3n que reciben las empresas para descarbonizar los procesos productivos y su cadena de valor les obliga a conocer y a controlar con rigor los tres alcances de&hellip;<\/p>\n","protected":false},"author":4,"featured_media":37095,"comment_status":"closed","ping_status":"closed","sticky":false,"template":"","format":"standard","meta":{"footnotes":""},"categories":[295],"tags":[307,308,309],"class_list":["post-37073","post","type-post","status-publish","format-standard","has-post-thumbnail","hentry","category-descarbonizacion","tag-accion-climatica","tag-descarbonizacion","tag-huella-de-carbono"],"_links":{"self":[{"href":"https:\/\/zirkel.biz\/es\/wp-json\/wp\/v2\/posts\/37073","targetHints":{"allow":["GET"]}}],"collection":[{"href":"https:\/\/zirkel.biz\/es\/wp-json\/wp\/v2\/posts"}],"about":[{"href":"https:\/\/zirkel.biz\/es\/wp-json\/wp\/v2\/types\/post"}],"author":[{"embeddable":true,"href":"https:\/\/zirkel.biz\/es\/wp-json\/wp\/v2\/users\/4"}],"replies":[{"embeddable":true,"href":"https:\/\/zirkel.biz\/es\/wp-json\/wp\/v2\/comments?post=37073"}],"version-history":[{"count":1,"href":"https:\/\/zirkel.biz\/es\/wp-json\/wp\/v2\/posts\/37073\/revisions"}],"predecessor-version":[{"id":37094,"href":"https:\/\/zirkel.biz\/es\/wp-json\/wp\/v2\/posts\/37073\/revisions\/37094"}],"wp:featuredmedia":[{"embeddable":true,"href":"https:\/\/zirkel.biz\/es\/wp-json\/wp\/v2\/media\/37095"}],"wp:attachment":[{"href":"https:\/\/zirkel.biz\/es\/wp-json\/wp\/v2\/media?parent=37073"}],"wp:term":[{"taxonomy":"category","embeddable":true,"href":"https:\/\/zirkel.biz\/es\/wp-json\/wp\/v2\/categories?post=37073"},{"taxonomy":"post_tag","embeddable":true,"href":"https:\/\/zirkel.biz\/es\/wp-json\/wp\/v2\/tags?post=37073"}],"curies":[{"name":"wp","href":"https:\/\/api.w.org\/{rel}","templated":true}]}}